{"id":5226,"date":"2025-11-05T10:10:01","date_gmt":"2025-11-05T15:10:01","guid":{"rendered":"https:\/\/vanberkomglobal.com\/?post_type=news&#038;p=5226"},"modified":"2025-11-06T09:22:43","modified_gmt":"2025-11-06T14:22:43","slug":"bombardier-small-cap","status":"publish","type":"news","link":"https:\/\/vanberkomglobal.com\/fr\/news\/bombardier-small-cap\/","title":{"rendered":"Quoi faire avec Bombardier?"},"content":{"rendered":"","protected":false},"excerpt":{"rendered":"<p>Fran\u00e7ois Watier, analyste principal pour notre strat\u00e9gie d&rsquo;actions canadiennes \u00e0 petite capitalisation, a partag\u00e9 son avis au journal La Presse sur l&rsquo;ascension boursi\u00e8re d&rsquo;un titre national qui a le vent dans les voiles.<\/p>\n","protected":false},"author":5,"featured_media":5227,"comment_status":"open","ping_status":"closed","template":"","meta":{"_monsterinsights_skip_tracking":false,"_monsterinsights_sitenote_active":false,"_monsterinsights_sitenote_note":"","_monsterinsights_sitenote_category":0,"footnotes":""},"class_list":["post-5226","news","type-news","status-publish","has-post-thumbnail","hentry","news-category-article-fr"],"yoast_head":"<!-- This site is optimized with the Yoast SEO plugin v26.0 - https:\/\/yoast.com\/wordpress\/plugins\/seo\/ -->\n<title>Quoi faire avec Bombardier? - Van Berkom - Gestion mondiale d&#039;actifs<\/title>\n<meta name=\"description\" content=\"Fran\u00e7ois Watier, analyste principal pour notre strat\u00e9gie d&#039;actions canadiennes \u00e0 petite capitalisation, a partag\u00e9 son avis au journal La Presse sur l&#039;ascension boursi\u00e8re d&#039;un titre national qui a le vent dans les voiles.\" \/>\n<meta name=\"robots\" content=\"index, follow, max-snippet:-1, max-image-preview:large, max-video-preview:-1\" \/>\n<link rel=\"canonical\" href=\"https:\/\/vanberkomglobal.com\/fr\/news\/bombardier-small-cap\/\" \/>\n<meta property=\"og:locale\" content=\"fr_FR\" \/>\n<meta property=\"og:type\" content=\"article\" \/>\n<meta property=\"og:title\" content=\"Quoi faire avec Bombardier? - Van Berkom - Gestion mondiale d&#039;actifs\" \/>\n<meta property=\"og:description\" content=\"Fran\u00e7ois Watier, analyste principal pour notre strat\u00e9gie d&#039;actions canadiennes \u00e0 petite capitalisation, a partag\u00e9 son avis au journal La Presse sur l&#039;ascension boursi\u00e8re d&#039;un titre national qui a le vent dans les voiles.\" \/>\n<meta property=\"og:url\" content=\"https:\/\/vanberkomglobal.com\/fr\/news\/bombardier-small-cap\/\" \/>\n<meta property=\"og:site_name\" content=\"Van Berkom - Gestion mondiale d&#039;actifs\" \/>\n<meta property=\"article:modified_time\" content=\"2025-11-06T14:22:43+00:00\" \/>\n<meta property=\"og:image\" content=\"https:\/\/vanberkomglobal.com\/wp-content\/uploads\/2025\/11\/FW-La-Presse.png\" \/>\n\t<meta property=\"og:image:width\" content=\"2437\" \/>\n\t<meta property=\"og:image:height\" content=\"1256\" \/>\n\t<meta property=\"og:image:type\" content=\"image\/png\" \/>\n<meta name=\"twitter:card\" content=\"summary_large_image\" \/>\n<meta name=\"twitter:label1\" content=\"Dur\u00e9e de lecture estim\u00e9e\" \/>\n\t<meta name=\"twitter:data1\" content=\"1 minute\" \/>\n<script type=\"application\/ld+json\" class=\"yoast-schema-graph\">{\"@context\":\"https:\/\/schema.org\",\"@graph\":[{\"@type\":\"WebPage\",\"@id\":\"https:\/\/vanberkomglobal.com\/fr\/news\/bombardier-small-cap\/\",\"url\":\"https:\/\/vanberkomglobal.com\/fr\/news\/bombardier-small-cap\/\",\"name\":\"Quoi faire avec Bombardier? - Van Berkom - Gestion mondiale d&#039;actifs\",\"isPartOf\":{\"@id\":\"https:\/\/vanberkomglobal.com\/#website\"},\"primaryImageOfPage\":{\"@id\":\"https:\/\/vanberkomglobal.com\/fr\/news\/bombardier-small-cap\/#primaryimage\"},\"image\":{\"@id\":\"https:\/\/vanberkomglobal.com\/fr\/news\/bombardier-small-cap\/#primaryimage\"},\"thumbnailUrl\":\"https:\/\/vanberkomglobal.com\/wp-content\/uploads\/2025\/11\/FW-La-Presse.png\",\"datePublished\":\"2025-11-05T15:10:01+00:00\",\"dateModified\":\"2025-11-06T14:22:43+00:00\",\"description\":\"Fran\u00e7ois Watier, analyste principal pour notre strat\u00e9gie d'actions canadiennes \u00e0 petite capitalisation, a partag\u00e9 son avis au journal La Presse sur l'ascension boursi\u00e8re d'un titre national qui a le vent dans les voiles.\",\"breadcrumb\":{\"@id\":\"https:\/\/vanberkomglobal.com\/fr\/news\/bombardier-small-cap\/#breadcrumb\"},\"inLanguage\":\"fr-FR\",\"potentialAction\":[{\"@type\":\"ReadAction\",\"target\":[\"https:\/\/vanberkomglobal.com\/fr\/news\/bombardier-small-cap\/\"]}]},{\"@type\":\"ImageObject\",\"inLanguage\":\"fr-FR\",\"@id\":\"https:\/\/vanberkomglobal.com\/fr\/news\/bombardier-small-cap\/#primaryimage\",\"url\":\"https:\/\/vanberkomglobal.com\/wp-content\/uploads\/2025\/11\/FW-La-Presse.png\",\"contentUrl\":\"https:\/\/vanberkomglobal.com\/wp-content\/uploads\/2025\/11\/FW-La-Presse.png\",\"width\":2437,\"height\":1256},{\"@type\":\"BreadcrumbList\",\"@id\":\"https:\/\/vanberkomglobal.com\/fr\/news\/bombardier-small-cap\/#breadcrumb\",\"itemListElement\":[{\"@type\":\"ListItem\",\"position\":1,\"name\":\"Home\",\"item\":\"https:\/\/vanberkomglobal.com\/fr\/\"},{\"@type\":\"ListItem\",\"position\":2,\"name\":\"Quoi faire avec Bombardier?\"}]},{\"@type\":\"WebSite\",\"@id\":\"https:\/\/vanberkomglobal.com\/#website\",\"url\":\"https:\/\/vanberkomglobal.com\/\",\"name\":\"Van Berkom - Gestion mondiale d&#039;actifs\",\"description\":\"\",\"publisher\":{\"@id\":\"https:\/\/vanberkomglobal.com\/#organization\"},\"potentialAction\":[{\"@type\":\"SearchAction\",\"target\":{\"@type\":\"EntryPoint\",\"urlTemplate\":\"https:\/\/vanberkomglobal.com\/?s={search_term_string}\"},\"query-input\":{\"@type\":\"PropertyValueSpecification\",\"valueRequired\":true,\"valueName\":\"search_term_string\"}}],\"inLanguage\":\"fr-FR\"},{\"@type\":\"Organization\",\"@id\":\"https:\/\/vanberkomglobal.com\/#organization\",\"name\":\"Van Berkom - Gestion mondiale d&#039;actifs\",\"url\":\"https:\/\/vanberkomglobal.com\/\",\"logo\":{\"@type\":\"ImageObject\",\"inLanguage\":\"fr-FR\",\"@id\":\"https:\/\/vanberkomglobal.com\/#\/schema\/logo\/image\/\",\"url\":\"https:\/\/vanberkomglobal.com\/wp-content\/uploads\/2022\/07\/Logo.svg\",\"contentUrl\":\"https:\/\/vanberkomglobal.com\/wp-content\/uploads\/2022\/07\/Logo.svg\",\"caption\":\"Van Berkom - Gestion mondiale d&#039;actifs\"},\"image\":{\"@id\":\"https:\/\/vanberkomglobal.com\/#\/schema\/logo\/image\/\"}}]}<\/script>\n<!-- \/ Yoast SEO plugin. -->","yoast_head_json":{"title":"Quoi faire avec Bombardier? - Van Berkom - Gestion mondiale d&#039;actifs","description":"Fran\u00e7ois Watier, analyste principal pour notre strat\u00e9gie d'actions canadiennes \u00e0 petite capitalisation, a partag\u00e9 son avis au journal La Presse sur l'ascension boursi\u00e8re d'un titre national qui a le vent dans les voiles.","robots":{"index":"index","follow":"follow","max-snippet":"max-snippet:-1","max-image-preview":"max-image-preview:large","max-video-preview":"max-video-preview:-1"},"canonical":"https:\/\/vanberkomglobal.com\/fr\/news\/bombardier-small-cap\/","og_locale":"fr_FR","og_type":"article","og_title":"Quoi faire avec Bombardier? - Van Berkom - Gestion mondiale d&#039;actifs","og_description":"Fran\u00e7ois Watier, analyste principal pour notre strat\u00e9gie d'actions canadiennes \u00e0 petite capitalisation, a partag\u00e9 son avis au journal La Presse sur l'ascension boursi\u00e8re d'un titre national qui a le vent dans les voiles.","og_url":"https:\/\/vanberkomglobal.com\/fr\/news\/bombardier-small-cap\/","og_site_name":"Van Berkom - Gestion mondiale d&#039;actifs","article_modified_time":"2025-11-06T14:22:43+00:00","og_image":[{"width":2437,"height":1256,"url":"https:\/\/vanberkomglobal.com\/wp-content\/uploads\/2025\/11\/FW-La-Presse.png","type":"image\/png"}],"twitter_card":"summary_large_image","twitter_misc":{"Dur\u00e9e de lecture estim\u00e9e":"1 minute"},"schema":{"@context":"https:\/\/schema.org","@graph":[{"@type":"WebPage","@id":"https:\/\/vanberkomglobal.com\/fr\/news\/bombardier-small-cap\/","url":"https:\/\/vanberkomglobal.com\/fr\/news\/bombardier-small-cap\/","name":"Quoi faire avec Bombardier? - Van Berkom - Gestion mondiale d&#039;actifs","isPartOf":{"@id":"https:\/\/vanberkomglobal.com\/#website"},"primaryImageOfPage":{"@id":"https:\/\/vanberkomglobal.com\/fr\/news\/bombardier-small-cap\/#primaryimage"},"image":{"@id":"https:\/\/vanberkomglobal.com\/fr\/news\/bombardier-small-cap\/#primaryimage"},"thumbnailUrl":"https:\/\/vanberkomglobal.com\/wp-content\/uploads\/2025\/11\/FW-La-Presse.png","datePublished":"2025-11-05T15:10:01+00:00","dateModified":"2025-11-06T14:22:43+00:00","description":"Fran\u00e7ois Watier, analyste principal pour notre strat\u00e9gie d'actions canadiennes \u00e0 petite capitalisation, a partag\u00e9 son avis au journal La Presse sur l'ascension boursi\u00e8re d'un titre national qui a le vent dans les voiles.","breadcrumb":{"@id":"https:\/\/vanberkomglobal.com\/fr\/news\/bombardier-small-cap\/#breadcrumb"},"inLanguage":"fr-FR","potentialAction":[{"@type":"ReadAction","target":["https:\/\/vanberkomglobal.com\/fr\/news\/bombardier-small-cap\/"]}]},{"@type":"ImageObject","inLanguage":"fr-FR","@id":"https:\/\/vanberkomglobal.com\/fr\/news\/bombardier-small-cap\/#primaryimage","url":"https:\/\/vanberkomglobal.com\/wp-content\/uploads\/2025\/11\/FW-La-Presse.png","contentUrl":"https:\/\/vanberkomglobal.com\/wp-content\/uploads\/2025\/11\/FW-La-Presse.png","width":2437,"height":1256},{"@type":"BreadcrumbList","@id":"https:\/\/vanberkomglobal.com\/fr\/news\/bombardier-small-cap\/#breadcrumb","itemListElement":[{"@type":"ListItem","position":1,"name":"Home","item":"https:\/\/vanberkomglobal.com\/fr\/"},{"@type":"ListItem","position":2,"name":"Quoi faire avec Bombardier?"}]},{"@type":"WebSite","@id":"https:\/\/vanberkomglobal.com\/#website","url":"https:\/\/vanberkomglobal.com\/","name":"Van Berkom - Gestion mondiale d&#039;actifs","description":"","publisher":{"@id":"https:\/\/vanberkomglobal.com\/#organization"},"potentialAction":[{"@type":"SearchAction","target":{"@type":"EntryPoint","urlTemplate":"https:\/\/vanberkomglobal.com\/?s={search_term_string}"},"query-input":{"@type":"PropertyValueSpecification","valueRequired":true,"valueName":"search_term_string"}}],"inLanguage":"fr-FR"},{"@type":"Organization","@id":"https:\/\/vanberkomglobal.com\/#organization","name":"Van Berkom - Gestion mondiale d&#039;actifs","url":"https:\/\/vanberkomglobal.com\/","logo":{"@type":"ImageObject","inLanguage":"fr-FR","@id":"https:\/\/vanberkomglobal.com\/#\/schema\/logo\/image\/","url":"https:\/\/vanberkomglobal.com\/wp-content\/uploads\/2022\/07\/Logo.svg","contentUrl":"https:\/\/vanberkomglobal.com\/wp-content\/uploads\/2022\/07\/Logo.svg","caption":"Van Berkom - Gestion mondiale d&#039;actifs"},"image":{"@id":"https:\/\/vanberkomglobal.com\/#\/schema\/logo\/image\/"}}]}},"_links":{"self":[{"href":"https:\/\/vanberkomglobal.com\/fr\/wp-json\/wp\/v2\/news\/5226","targetHints":{"allow":["GET"]}}],"collection":[{"href":"https:\/\/vanberkomglobal.com\/fr\/wp-json\/wp\/v2\/news"}],"about":[{"href":"https:\/\/vanberkomglobal.com\/fr\/wp-json\/wp\/v2\/types\/news"}],"author":[{"embeddable":true,"href":"https:\/\/vanberkomglobal.com\/fr\/wp-json\/wp\/v2\/users\/5"}],"replies":[{"embeddable":true,"href":"https:\/\/vanberkomglobal.com\/fr\/wp-json\/wp\/v2\/comments?post=5226"}],"version-history":[{"count":0,"href":"https:\/\/vanberkomglobal.com\/fr\/wp-json\/wp\/v2\/news\/5226\/revisions"}],"wp:featuredmedia":[{"embeddable":true,"href":"https:\/\/vanberkomglobal.com\/fr\/wp-json\/wp\/v2\/media\/5227"}],"wp:attachment":[{"href":"https:\/\/vanberkomglobal.com\/fr\/wp-json\/wp\/v2\/media?parent=5226"}],"curies":[{"name":"wp","href":"https:\/\/api.w.org\/{rel}","templated":true}]}}