{"id":2028,"date":"2022-04-11T09:00:51","date_gmt":"2022-04-11T09:00:51","guid":{"rendered":"https:\/\/vanberkomglobal.com\/news\/announcement-three-experienced-analysts-for-the-global-small-cap-strategy-2\/"},"modified":"2022-10-03T18:45:47","modified_gmt":"2022-10-03T18:45:47","slug":"trois-analystes-strategie-mondiale-petite-capitalisation-boursiere","status":"publish","type":"news","link":"https:\/\/vanberkomglobal.com\/fr\/news\/trois-analystes-strategie-mondiale-petite-capitalisation-boursiere\/","title":{"rendered":"Arriv\u00e9e de trois analystes pour notre strat\u00e9gie mondiale \u00e0 petite capitalisation boursi\u00e8re"},"content":{"rendered":"","protected":false},"excerpt":{"rendered":"<p>Van Berkom Gestion Mondiale d\u2019Actifs est fi\u00e8re d\u2019annoncer l\u2019arriv\u00e9e de trois analystes chevronn\u00e9s pour notre strat\u00e9gie mondiale \u00e0 petite capitalisation boursi\u00e8re.<\/p>\n","protected":false},"author":7,"featured_media":1986,"comment_status":"open","ping_status":"closed","template":"","meta":{"_monsterinsights_skip_tracking":false,"_monsterinsights_sitenote_active":false,"_monsterinsights_sitenote_note":"","_monsterinsights_sitenote_category":0,"footnotes":""},"class_list":["post-2028","news","type-news","status-publish","has-post-thumbnail","hentry","news-category-nouvelles"],"yoast_head":"<!-- This site is optimized with the Yoast SEO plugin v26.0 - https:\/\/yoast.com\/wordpress\/plugins\/seo\/ -->\n<title>Arriv\u00e9e de trois analystes pour notre strat\u00e9gie mondiale \u00e0 petite capitalisation boursi\u00e8re - Van Berkom - Gestion mondiale d&#039;actifs<\/title>\n<meta name=\"description\" content=\"Van Berkom Gestion Mondiale d\u2019Actifs est fi\u00e8re d\u2019annoncer l\u2019arriv\u00e9e de trois analystes chevronn\u00e9s pour notre strat\u00e9gie mondiale \u00e0 petite capitalisation boursi\u00e8re.\" \/>\n<meta name=\"robots\" content=\"index, follow, max-snippet:-1, max-image-preview:large, max-video-preview:-1\" \/>\n<link rel=\"canonical\" href=\"https:\/\/vanberkomglobal.com\/fr\/news\/trois-analystes-strategie-mondiale-petite-capitalisation-boursiere\/\" \/>\n<meta property=\"og:locale\" content=\"fr_FR\" \/>\n<meta property=\"og:type\" content=\"article\" \/>\n<meta property=\"og:title\" content=\"Arriv\u00e9e de trois analystes pour notre strat\u00e9gie mondiale \u00e0 petite capitalisation boursi\u00e8re - Van Berkom - Gestion mondiale d&#039;actifs\" \/>\n<meta property=\"og:description\" content=\"Van Berkom Gestion Mondiale d\u2019Actifs est fi\u00e8re d\u2019annoncer l\u2019arriv\u00e9e de trois analystes chevronn\u00e9s pour notre strat\u00e9gie mondiale \u00e0 petite capitalisation boursi\u00e8re.\" \/>\n<meta property=\"og:url\" content=\"https:\/\/vanberkomglobal.com\/fr\/news\/trois-analystes-strategie-mondiale-petite-capitalisation-boursiere\/\" \/>\n<meta property=\"og:site_name\" content=\"Van Berkom - Gestion mondiale d&#039;actifs\" \/>\n<meta property=\"article:modified_time\" content=\"2022-10-03T18:45:47+00:00\" \/>\n<meta property=\"og:image\" content=\"https:\/\/vanberkomglobal.com\/wp-content\/uploads\/2022\/04\/VBA-Analystes-mai2022V2.jpg\" \/>\n\t<meta property=\"og:image:width\" content=\"876\" \/>\n\t<meta property=\"og:image:height\" content=\"442\" \/>\n\t<meta property=\"og:image:type\" content=\"image\/jpeg\" \/>\n<meta name=\"twitter:card\" content=\"summary_large_image\" \/>\n<script type=\"application\/ld+json\" class=\"yoast-schema-graph\">{\"@context\":\"https:\/\/schema.org\",\"@graph\":[{\"@type\":\"WebPage\",\"@id\":\"https:\/\/vanberkomglobal.com\/fr\/news\/trois-analystes-strategie-mondiale-petite-capitalisation-boursiere\/\",\"url\":\"https:\/\/vanberkomglobal.com\/fr\/news\/trois-analystes-strategie-mondiale-petite-capitalisation-boursiere\/\",\"name\":\"Arriv\u00e9e de trois analystes pour notre strat\u00e9gie mondiale \u00e0 petite capitalisation boursi\u00e8re - Van Berkom - Gestion mondiale d&#039;actifs\",\"isPartOf\":{\"@id\":\"https:\/\/vanberkomglobal.com\/#website\"},\"primaryImageOfPage\":{\"@id\":\"https:\/\/vanberkomglobal.com\/fr\/news\/trois-analystes-strategie-mondiale-petite-capitalisation-boursiere\/#primaryimage\"},\"image\":{\"@id\":\"https:\/\/vanberkomglobal.com\/fr\/news\/trois-analystes-strategie-mondiale-petite-capitalisation-boursiere\/#primaryimage\"},\"thumbnailUrl\":\"https:\/\/vanberkomglobal.com\/wp-content\/uploads\/2022\/04\/VBA-Analystes-mai2022V2.jpg\",\"datePublished\":\"2022-04-11T09:00:51+00:00\",\"dateModified\":\"2022-10-03T18:45:47+00:00\",\"description\":\"Van Berkom Gestion Mondiale d\u2019Actifs est fi\u00e8re d\u2019annoncer l\u2019arriv\u00e9e de trois analystes chevronn\u00e9s pour notre strat\u00e9gie mondiale \u00e0 petite capitalisation boursi\u00e8re.\",\"breadcrumb\":{\"@id\":\"https:\/\/vanberkomglobal.com\/fr\/news\/trois-analystes-strategie-mondiale-petite-capitalisation-boursiere\/#breadcrumb\"},\"inLanguage\":\"fr-FR\",\"potentialAction\":[{\"@type\":\"ReadAction\",\"target\":[\"https:\/\/vanberkomglobal.com\/fr\/news\/trois-analystes-strategie-mondiale-petite-capitalisation-boursiere\/\"]}]},{\"@type\":\"ImageObject\",\"inLanguage\":\"fr-FR\",\"@id\":\"https:\/\/vanberkomglobal.com\/fr\/news\/trois-analystes-strategie-mondiale-petite-capitalisation-boursiere\/#primaryimage\",\"url\":\"https:\/\/vanberkomglobal.com\/wp-content\/uploads\/2022\/04\/VBA-Analystes-mai2022V2.jpg\",\"contentUrl\":\"https:\/\/vanberkomglobal.com\/wp-content\/uploads\/2022\/04\/VBA-Analystes-mai2022V2.jpg\",\"width\":876,\"height\":442},{\"@type\":\"BreadcrumbList\",\"@id\":\"https:\/\/vanberkomglobal.com\/fr\/news\/trois-analystes-strategie-mondiale-petite-capitalisation-boursiere\/#breadcrumb\",\"itemListElement\":[{\"@type\":\"ListItem\",\"position\":1,\"name\":\"Home\",\"item\":\"https:\/\/vanberkomglobal.com\/fr\/\"},{\"@type\":\"ListItem\",\"position\":2,\"name\":\"Arriv\u00e9e de trois analystes pour notre strat\u00e9gie mondiale \u00e0 petite capitalisation boursi\u00e8re\"}]},{\"@type\":\"WebSite\",\"@id\":\"https:\/\/vanberkomglobal.com\/#website\",\"url\":\"https:\/\/vanberkomglobal.com\/\",\"name\":\"Van Berkom - Gestion mondiale d&#039;actifs\",\"description\":\"\",\"publisher\":{\"@id\":\"https:\/\/vanberkomglobal.com\/#organization\"},\"potentialAction\":[{\"@type\":\"SearchAction\",\"target\":{\"@type\":\"EntryPoint\",\"urlTemplate\":\"https:\/\/vanberkomglobal.com\/?s={search_term_string}\"},\"query-input\":{\"@type\":\"PropertyValueSpecification\",\"valueRequired\":true,\"valueName\":\"search_term_string\"}}],\"inLanguage\":\"fr-FR\"},{\"@type\":\"Organization\",\"@id\":\"https:\/\/vanberkomglobal.com\/#organization\",\"name\":\"Van Berkom - Gestion mondiale d&#039;actifs\",\"url\":\"https:\/\/vanberkomglobal.com\/\",\"logo\":{\"@type\":\"ImageObject\",\"inLanguage\":\"fr-FR\",\"@id\":\"https:\/\/vanberkomglobal.com\/#\/schema\/logo\/image\/\",\"url\":\"https:\/\/vanberkomglobal.com\/wp-content\/uploads\/2022\/07\/Logo.svg\",\"contentUrl\":\"https:\/\/vanberkomglobal.com\/wp-content\/uploads\/2022\/07\/Logo.svg\",\"caption\":\"Van Berkom - Gestion mondiale d&#039;actifs\"},\"image\":{\"@id\":\"https:\/\/vanberkomglobal.com\/#\/schema\/logo\/image\/\"}}]}<\/script>\n<!-- \/ Yoast SEO plugin. -->","yoast_head_json":{"title":"Arriv\u00e9e de trois analystes pour notre strat\u00e9gie mondiale \u00e0 petite capitalisation boursi\u00e8re - Van Berkom - Gestion mondiale d&#039;actifs","description":"Van Berkom Gestion Mondiale d\u2019Actifs est fi\u00e8re d\u2019annoncer l\u2019arriv\u00e9e de trois analystes chevronn\u00e9s pour notre strat\u00e9gie mondiale \u00e0 petite capitalisation boursi\u00e8re.","robots":{"index":"index","follow":"follow","max-snippet":"max-snippet:-1","max-image-preview":"max-image-preview:large","max-video-preview":"max-video-preview:-1"},"canonical":"https:\/\/vanberkomglobal.com\/fr\/news\/trois-analystes-strategie-mondiale-petite-capitalisation-boursiere\/","og_locale":"fr_FR","og_type":"article","og_title":"Arriv\u00e9e de trois analystes pour notre strat\u00e9gie mondiale \u00e0 petite capitalisation boursi\u00e8re - Van Berkom - Gestion mondiale d&#039;actifs","og_description":"Van Berkom Gestion Mondiale d\u2019Actifs est fi\u00e8re d\u2019annoncer l\u2019arriv\u00e9e de trois analystes chevronn\u00e9s pour notre strat\u00e9gie mondiale \u00e0 petite capitalisation boursi\u00e8re.","og_url":"https:\/\/vanberkomglobal.com\/fr\/news\/trois-analystes-strategie-mondiale-petite-capitalisation-boursiere\/","og_site_name":"Van Berkom - Gestion mondiale d&#039;actifs","article_modified_time":"2022-10-03T18:45:47+00:00","og_image":[{"width":876,"height":442,"url":"https:\/\/vanberkomglobal.com\/wp-content\/uploads\/2022\/04\/VBA-Analystes-mai2022V2.jpg","type":"image\/jpeg"}],"twitter_card":"summary_large_image","schema":{"@context":"https:\/\/schema.org","@graph":[{"@type":"WebPage","@id":"https:\/\/vanberkomglobal.com\/fr\/news\/trois-analystes-strategie-mondiale-petite-capitalisation-boursiere\/","url":"https:\/\/vanberkomglobal.com\/fr\/news\/trois-analystes-strategie-mondiale-petite-capitalisation-boursiere\/","name":"Arriv\u00e9e de trois analystes pour notre strat\u00e9gie mondiale \u00e0 petite capitalisation boursi\u00e8re - Van Berkom - Gestion mondiale d&#039;actifs","isPartOf":{"@id":"https:\/\/vanberkomglobal.com\/#website"},"primaryImageOfPage":{"@id":"https:\/\/vanberkomglobal.com\/fr\/news\/trois-analystes-strategie-mondiale-petite-capitalisation-boursiere\/#primaryimage"},"image":{"@id":"https:\/\/vanberkomglobal.com\/fr\/news\/trois-analystes-strategie-mondiale-petite-capitalisation-boursiere\/#primaryimage"},"thumbnailUrl":"https:\/\/vanberkomglobal.com\/wp-content\/uploads\/2022\/04\/VBA-Analystes-mai2022V2.jpg","datePublished":"2022-04-11T09:00:51+00:00","dateModified":"2022-10-03T18:45:47+00:00","description":"Van Berkom Gestion Mondiale d\u2019Actifs est fi\u00e8re d\u2019annoncer l\u2019arriv\u00e9e de trois analystes chevronn\u00e9s pour notre strat\u00e9gie mondiale \u00e0 petite capitalisation boursi\u00e8re.","breadcrumb":{"@id":"https:\/\/vanberkomglobal.com\/fr\/news\/trois-analystes-strategie-mondiale-petite-capitalisation-boursiere\/#breadcrumb"},"inLanguage":"fr-FR","potentialAction":[{"@type":"ReadAction","target":["https:\/\/vanberkomglobal.com\/fr\/news\/trois-analystes-strategie-mondiale-petite-capitalisation-boursiere\/"]}]},{"@type":"ImageObject","inLanguage":"fr-FR","@id":"https:\/\/vanberkomglobal.com\/fr\/news\/trois-analystes-strategie-mondiale-petite-capitalisation-boursiere\/#primaryimage","url":"https:\/\/vanberkomglobal.com\/wp-content\/uploads\/2022\/04\/VBA-Analystes-mai2022V2.jpg","contentUrl":"https:\/\/vanberkomglobal.com\/wp-content\/uploads\/2022\/04\/VBA-Analystes-mai2022V2.jpg","width":876,"height":442},{"@type":"BreadcrumbList","@id":"https:\/\/vanberkomglobal.com\/fr\/news\/trois-analystes-strategie-mondiale-petite-capitalisation-boursiere\/#breadcrumb","itemListElement":[{"@type":"ListItem","position":1,"name":"Home","item":"https:\/\/vanberkomglobal.com\/fr\/"},{"@type":"ListItem","position":2,"name":"Arriv\u00e9e de trois analystes pour notre strat\u00e9gie mondiale \u00e0 petite capitalisation boursi\u00e8re"}]},{"@type":"WebSite","@id":"https:\/\/vanberkomglobal.com\/#website","url":"https:\/\/vanberkomglobal.com\/","name":"Van Berkom - Gestion mondiale d&#039;actifs","description":"","publisher":{"@id":"https:\/\/vanberkomglobal.com\/#organization"},"potentialAction":[{"@type":"SearchAction","target":{"@type":"EntryPoint","urlTemplate":"https:\/\/vanberkomglobal.com\/?s={search_term_string}"},"query-input":{"@type":"PropertyValueSpecification","valueRequired":true,"valueName":"search_term_string"}}],"inLanguage":"fr-FR"},{"@type":"Organization","@id":"https:\/\/vanberkomglobal.com\/#organization","name":"Van Berkom - Gestion mondiale d&#039;actifs","url":"https:\/\/vanberkomglobal.com\/","logo":{"@type":"ImageObject","inLanguage":"fr-FR","@id":"https:\/\/vanberkomglobal.com\/#\/schema\/logo\/image\/","url":"https:\/\/vanberkomglobal.com\/wp-content\/uploads\/2022\/07\/Logo.svg","contentUrl":"https:\/\/vanberkomglobal.com\/wp-content\/uploads\/2022\/07\/Logo.svg","caption":"Van Berkom - Gestion mondiale d&#039;actifs"},"image":{"@id":"https:\/\/vanberkomglobal.com\/#\/schema\/logo\/image\/"}}]}},"_links":{"self":[{"href":"https:\/\/vanberkomglobal.com\/fr\/wp-json\/wp\/v2\/news\/2028","targetHints":{"allow":["GET"]}}],"collection":[{"href":"https:\/\/vanberkomglobal.com\/fr\/wp-json\/wp\/v2\/news"}],"about":[{"href":"https:\/\/vanberkomglobal.com\/fr\/wp-json\/wp\/v2\/types\/news"}],"author":[{"embeddable":true,"href":"https:\/\/vanberkomglobal.com\/fr\/wp-json\/wp\/v2\/users\/7"}],"replies":[{"embeddable":true,"href":"https:\/\/vanberkomglobal.com\/fr\/wp-json\/wp\/v2\/comments?post=2028"}],"version-history":[{"count":0,"href":"https:\/\/vanberkomglobal.com\/fr\/wp-json\/wp\/v2\/news\/2028\/revisions"}],"wp:featuredmedia":[{"embeddable":true,"href":"https:\/\/vanberkomglobal.com\/fr\/wp-json\/wp\/v2\/media\/1986"}],"wp:attachment":[{"href":"https:\/\/vanberkomglobal.com\/fr\/wp-json\/wp\/v2\/media?parent=2028"}],"curies":[{"name":"wp","href":"https:\/\/api.w.org\/{rel}","templated":true}]}}